{"id":5705,"date":"2026-09-02T11:34:34","date_gmt":"2026-09-02T11:34:34","guid":{"rendered":"https:\/\/feup.org\/web\/?p=5705"},"modified":"2026-09-02T11:36:11","modified_gmt":"2026-09-02T11:36:11","slug":"la-feup-prepara-sus-jornadas-tecnicas-nacionales-y-asamblea-general-2026-en-a-illa-de-arousa","status":"publish","type":"post","link":"https:\/\/feup.org\/web\/2026\/09\/02\/la-feup-prepara-sus-jornadas-tecnicas-nacionales-y-asamblea-general-2026-en-a-illa-de-arousa\/","title":{"rendered":"La FEUP prepara sus Jornadas T\u00e9cnicas Nacionales y Asamblea General 2026 en A Illa de Arousa"},"content":{"rendered":"\n<p class=\"wp-block-paragraph\"><strong>Los d\u00edas 22 y 23 de octubre, las Universidades Populares de toda Espa\u00f1a tienen una cita en Galicia bajo el lema \u00abEducar para vivir: Aprendizaje, prop\u00f3sito y ciudadan\u00eda en tiempos de incertidumbre\u00bb.<\/strong><\/p>\n\n\n\n<p class=\"wp-block-paragraph\">La cuenta atr\u00e1s ya ha comenzado. La <strong>Federaci\u00f3n Espa\u00f1ola de Universidades Populares (FEUP)<\/strong> celebrar\u00e1 los pr\u00f3ximos <strong>22 y 23 de octubre de 2026<\/strong> sus Jornadas T\u00e9cnicas Nacionales y Asamblea General, y en esta ocasi\u00f3n viajaremos hasta <strong>A Illa de Arousa (Pontevedra)<\/strong>, donde la Universidad Popular de A Illa de Arousa nos recibir\u00e1 como anfitriona.<\/p>\n\n\n\n<p class=\"wp-block-paragraph\">Ser\u00e1 una cita para encontrarnos, compartir y poner en com\u00fan todo aquello que nos ayuda a seguir avanzando como red. Dos d\u00edas para detenernos por un momento, alejarnos del ritmo cotidiano y dedicar tiempo a lo que nos une: <strong>aprender, reflexionar, compartir experiencias y pensar juntas en el futuro de las Universidades Populares<\/strong>.<\/p>\n\n\n\n<p class=\"wp-block-paragraph\"><strong>\u00bfDe qu\u00e9 hablaremos?<\/strong><\/p>\n\n\n\n<p class=\"wp-block-paragraph\">Esta edici\u00f3n lleva por lema <strong>\u00abEducar para vivir: Aprendizaje, prop\u00f3sito y ciudadan\u00eda en tiempos de incertidumbre\u00bb<\/strong>.<\/p>\n\n\n\n<p class=\"wp-block-paragraph\">Un lema que nos invita a preguntarnos qu\u00e9 significa hoy educar para la vida y qu\u00e9 papel tienen las Universidades Populares en un contexto de cambios e incertidumbres.<\/p>\n\n\n\n<p class=\"wp-block-paragraph\">Porque aprender no es \u00fanicamente adquirir conocimientos. Tambi\u00e9n es desarrollar capacidades, relacionarnos, participar, encontrar prop\u00f3sito y construir ciudadan\u00eda.<\/p>\n\n\n\n<p class=\"wp-block-paragraph\">Las jornadas ser\u00e1n un espacio para abordar estas cuestiones desde la experiencia y la realidad cotidiana de las Universidades Populares, favoreciendo el intercambio de aprendizajes y la construcci\u00f3n colectiva de nuevas estrategias y claves de futuro.<\/p>\n\n\n\n<p class=\"wp-block-paragraph\"><strong>\u00bfQu\u00e9 queremos llevarnos de este encuentro?<\/strong><\/p>\n\n\n\n<p class=\"wp-block-paragraph\">Nuevos aprendizajes, relaciones fortalecidas, ideas para aplicar en nuestros territorios y, sobre todo, una mirada compartida hacia el futuro.<\/p>\n\n\n\n<p class=\"wp-block-paragraph\">La FEUP quiere que estas Jornadas T\u00e9cnicas Nacionales y Asamblea General sean tambi\u00e9n un momento para <strong>sentirnos acompa\u00f1adas, disfrutar del encuentro y renovar la ilusi\u00f3n por seguir construyendo juntas<\/strong>.<\/p>\n\n\n\n<p class=\"wp-block-paragraph\">\ud83d\udcc5 <strong>22 y 23 de octubre de 2026<\/strong><br>\ud83d\udccd <strong>A Illa de Arousa (Pontevedra)<\/strong><\/p>\n\n\n\n<p class=\"wp-block-paragraph\"><strong>Reserva la fecha. Nos encontramos en A Illa de Arousa.<\/strong><\/p>\n\n\n\n<div class=\"wp-block-buttons is-layout-flex wp-block-buttons-is-layout-flex\">\n<div class=\"wp-block-button\"><a class=\"wp-block-button__link wp-element-button\" href=\"https:\/\/forms.gle\/JhWRyMmXbaccNpKK7\">Formulario de inscripci\u00f3n<\/a><\/div>\n<\/div>\n\n\n\n<p class=\"wp-block-paragraph\">\u00a1Contamos contigo!<\/p>\n\n\n\n<p class=\"wp-block-paragraph\"><strong><em>\u00abEducar para vivir: Aprendizaje, prop\u00f3sito y ciudadan\u00eda en tiempos de incertidumbre\u00bb<\/em>.<\/strong><\/p>\n\n\n\n<p class=\"wp-block-paragraph\"><\/p>\n","protected":false},"excerpt":{"rendered":"<p>Los d\u00edas 22 y 23 de octubre, las Universidades Populares de toda Espa\u00f1a tienen una cita en Galicia bajo el lema \u00abEducar para vivir: Aprendizaje, prop\u00f3sito y ciudadan\u00eda en tiempos de incertidumbre\u00bb. La cuenta atr\u00e1s ya ha comenzado. La Federaci\u00f3n Espa\u00f1ola de Universidades Populares (FEUP) celebrar\u00e1 los pr\u00f3ximos 22 y 23 de octubre de 2026 [&hellip;]<\/p>\n","protected":false},"author":1,"featured_media":5707,"comment_status":"closed","ping_status":"open","sticky":false,"template":"","format":"standard","meta":{"footnotes":""},"categories":[22,192],"tags":[],"class_list":["post-5705","post","type-post","status-publish","format-standard","has-post-thumbnail","hentry","category-eventos-nacionales","category-feup"],"_links":{"self":[{"href":"https:\/\/feup.org\/web\/wp-json\/wp\/v2\/posts\/5705","targetHints":{"allow":["GET"]}}],"collection":[{"href":"https:\/\/feup.org\/web\/wp-json\/wp\/v2\/posts"}],"about":[{"href":"https:\/\/feup.org\/web\/wp-json\/wp\/v2\/types\/post"}],"author":[{"embeddable":true,"href":"https:\/\/feup.org\/web\/wp-json\/wp\/v2\/users\/1"}],"replies":[{"embeddable":true,"href":"https:\/\/feup.org\/web\/wp-json\/wp\/v2\/comments?post=5705"}],"version-history":[{"count":2,"href":"https:\/\/feup.org\/web\/wp-json\/wp\/v2\/posts\/5705\/revisions"}],"predecessor-version":[{"id":5709,"href":"https:\/\/feup.org\/web\/wp-json\/wp\/v2\/posts\/5705\/revisions\/5709"}],"wp:featuredmedia":[{"embeddable":true,"href":"https:\/\/feup.org\/web\/wp-json\/wp\/v2\/media\/5707"}],"wp:attachment":[{"href":"https:\/\/feup.org\/web\/wp-json\/wp\/v2\/media?parent=5705"}],"wp:term":[{"taxonomy":"category","embeddable":true,"href":"https:\/\/feup.org\/web\/wp-json\/wp\/v2\/categories?post=5705"},{"taxonomy":"post_tag","embeddable":true,"href":"https:\/\/feup.org\/web\/wp-json\/wp\/v2\/tags?post=5705"}],"curies":[{"name":"wp","href":"https:\/\/api.w.org\/{rel}","templated":true}]}}